{"id":10291,"date":"2018-10-09T11:13:49","date_gmt":"2018-10-09T09:13:49","guid":{"rendered":"http:\/\/klariet.nl\/stopdoemdenken\/?p=10291"},"modified":"2018-10-09T15:10:50","modified_gmt":"2018-10-09T13:10:50","slug":"meer-werkgelegenheid","status":"publish","type":"post","link":"https:\/\/klariet.nl\/stopdoemdenken\/meer-werkgelegenheid\/","title":{"rendered":"Meer werkgelegenheid"},"content":{"rendered":"<p><a href=\"https:\/\/www.rtlnieuws.nl\/nieuws\/artikel\/4444246\/steeds-meer-kinderen-naar-de-creche-door-werkende-moeders\"><img decoding=\"async\" class=\"alignright size-full\" src=\"https:\/\/www.rtlnieuws.nl\/sites\/default\/files\/styles\/liggend\/public\/content\/images\/2017\/01\/03\/ANP-1024_30757627.jpg?itok=mrrg5lDX\" width=\"200\" height=\"\" \/><\/a>&#8220;Om de kwaliteit van de kinderopvang te verbeteren, gaan vanaf volgend jaar strengere regels gelden. Er moet dan \u00e9\u00e9n begeleider zijn per drie baby&#8217;s. Nu is dat nog \u00e9\u00e9n begeleider per vier baby\u2019s.&#8221; (Bron: <a href=\"https:\/\/www.rtlnieuws.nl\/nieuws\/artikel\/4444246\/steeds-meer-kinderen-naar-de-creche-door-werkende-moeders\" target=\"_blank\" rel=\"noopener\">RTL<\/a>)<\/p>\n<p>Goed nieuws voor mensen, in hun rol als ouders en potenti\u00eble werkzoekenden. En nu de werkgelegenheid bij telemarketing naar verwachting zal <a href=\"https:\/\/klariet.nl\/stopdoemdenken\/ja-graag\/\" target=\"_blank\" rel=\"noopener\">teruglopen<\/a> zullen de telemarketiers zich ook wel graag willen omscholen!<\/p>\n<p><a href=\"https:\/\/www.rijksoverheid.nl\/onderwerpen\/kinderopvang\" target=\"_blank\" rel=\"noopener\">Eisen kinderopvang<\/a><\/p>\n","protected":false},"excerpt":{"rendered":"<p>&#8220;Om de kwaliteit van de kinderopvang te verbeteren, gaan vanaf volgend jaar strengere regels gelden. Er moet dan \u00e9\u00e9n begeleider zijn per drie baby&#8217;s. Nu is dat nog \u00e9\u00e9n begeleider per vier baby\u2019s.&#8221; (Bron: RTL) Goed nieuws voor mensen, in hun rol als ouders en potenti\u00eble werkzoekenden. En nu de werkgelegenheid bij telemarketing naar verwachting [&hellip;]<\/p>\n","protected":false},"author":3,"featured_media":0,"comment_status":"closed","ping_status":"open","sticky":false,"template":"","format":"standard","meta":{"footnotes":""},"categories":[2,3],"tags":[],"class_list":["post-10291","post","type-post","status-publish","format-standard","hentry","category-blog","category-tips"],"_links":{"self":[{"href":"https:\/\/klariet.nl\/stopdoemdenken\/wp-json\/wp\/v2\/posts\/10291","targetHints":{"allow":["GET"]}}],"collection":[{"href":"https:\/\/klariet.nl\/stopdoemdenken\/wp-json\/wp\/v2\/posts"}],"about":[{"href":"https:\/\/klariet.nl\/stopdoemdenken\/wp-json\/wp\/v2\/types\/post"}],"author":[{"embeddable":true,"href":"https:\/\/klariet.nl\/stopdoemdenken\/wp-json\/wp\/v2\/users\/3"}],"replies":[{"embeddable":true,"href":"https:\/\/klariet.nl\/stopdoemdenken\/wp-json\/wp\/v2\/comments?post=10291"}],"version-history":[{"count":7,"href":"https:\/\/klariet.nl\/stopdoemdenken\/wp-json\/wp\/v2\/posts\/10291\/revisions"}],"predecessor-version":[{"id":10298,"href":"https:\/\/klariet.nl\/stopdoemdenken\/wp-json\/wp\/v2\/posts\/10291\/revisions\/10298"}],"wp:attachment":[{"href":"https:\/\/klariet.nl\/stopdoemdenken\/wp-json\/wp\/v2\/media?parent=10291"}],"wp:term":[{"taxonomy":"category","embeddable":true,"href":"https:\/\/klariet.nl\/stopdoemdenken\/wp-json\/wp\/v2\/categories?post=10291"},{"taxonomy":"post_tag","embeddable":true,"href":"https:\/\/klariet.nl\/stopdoemdenken\/wp-json\/wp\/v2\/tags?post=10291"}],"curies":[{"name":"wp","href":"https:\/\/api.w.org\/{rel}","templated":true}]}}