{"id":16958,"date":"2021-07-26T13:54:09","date_gmt":"2021-07-26T11:54:09","guid":{"rendered":"http:\/\/klariet.nl\/stopdoemdenken\/?p=16958"},"modified":"2021-07-26T15:10:08","modified_gmt":"2021-07-26T13:10:08","slug":"de-generatie-van-2050","status":"publish","type":"post","link":"https:\/\/klariet.nl\/stopdoemdenken\/de-generatie-van-2050\/","title":{"rendered":"De  generatie van 2050"},"content":{"rendered":"<p><a href=\"https:\/\/www.goednieuws.be\/2021\/07\/21\/brusselse-universiteit-betrekt-kinderen-bij-ontwerp-dorp-van-de-toekomst\/\"><img decoding=\"async\" class=\"alignright size-full\" src=\"https:\/\/www.goednieuws.be\/wp-content\/uploads\/2021\/07\/VUB.jpg\" width=\"200\" height=\"\" \/><\/a>\u201cHet doel van ons bezoek is om ook de jeugd te betrekken bij ons project\u201d, zeggen Tori en Pappers. \u201cZij zullen namelijk de generatie zijn die Oetingen in 2050 actief zal meemaken. We trokken gedurende twee dagen naar de klassen van de lagere school om hun visie voor het dorp te ontwikkelen.\u201d (Bron: <a href=\"https:\/\/www.goednieuws.be\/2021\/07\/21\/brusselse-universiteit-betrekt-kinderen-bij-ontwerp-dorp-van-de-toekomst\/\" target=\"_blank\" rel=\"noopener\">Goednieuws.be<\/a>)<\/p>\n<p>Het is altijd goed om de jeugd erbij te betrekken. Het is dan weer wel de vraag of zij in 2050 meer herkennen in hun idee\u00ebn van 2021 of in die van de volwassenen. En de kinderen van 2050? De idee\u00ebn lijken in ieder geval erg op de jeugdidee\u00ebn van zo&#8217;n 20 jaar geleden &#x1f609;<\/p>\n<p>VUB-onderzoekers Sara Tori en Jesse Pappers (MOBI) naar basisschool De Oester in Gooik.<\/p>\n<p><a href=\"https:\/\/www.vub.be\/\" target=\"_blank\" rel=\"noopener\">Vrije Universiteit Brussel<\/a><br \/>\n<a href=\"https:\/\/mobi.research.vub.be\/\" target=\"_blank\" rel=\"noopener\">MOBI<\/a><br \/>\n<a href=\"https:\/\/www.oesteroetingen.be\/\" target=\"_blank\" rel=\"noopener\">Basisschool De Oester Oetingen Gooik<\/a><\/p>\n","protected":false},"excerpt":{"rendered":"<p>\u201cHet doel van ons bezoek is om ook de jeugd te betrekken bij ons project\u201d, zeggen Tori en Pappers. \u201cZij zullen namelijk de generatie zijn die Oetingen in 2050 actief zal meemaken. We trokken gedurende twee dagen naar de klassen van de lagere school om hun visie voor het dorp te ontwikkelen.\u201d (Bron: Goednieuws.be) Het [&hellip;]<\/p>\n","protected":false},"author":3,"featured_media":0,"comment_status":"closed","ping_status":"open","sticky":false,"template":"","format":"standard","meta":{"footnotes":""},"categories":[2,3],"tags":[],"class_list":["post-16958","post","type-post","status-publish","format-standard","hentry","category-blog","category-tips"],"_links":{"self":[{"href":"https:\/\/klariet.nl\/stopdoemdenken\/wp-json\/wp\/v2\/posts\/16958","targetHints":{"allow":["GET"]}}],"collection":[{"href":"https:\/\/klariet.nl\/stopdoemdenken\/wp-json\/wp\/v2\/posts"}],"about":[{"href":"https:\/\/klariet.nl\/stopdoemdenken\/wp-json\/wp\/v2\/types\/post"}],"author":[{"embeddable":true,"href":"https:\/\/klariet.nl\/stopdoemdenken\/wp-json\/wp\/v2\/users\/3"}],"replies":[{"embeddable":true,"href":"https:\/\/klariet.nl\/stopdoemdenken\/wp-json\/wp\/v2\/comments?post=16958"}],"version-history":[{"count":9,"href":"https:\/\/klariet.nl\/stopdoemdenken\/wp-json\/wp\/v2\/posts\/16958\/revisions"}],"predecessor-version":[{"id":16969,"href":"https:\/\/klariet.nl\/stopdoemdenken\/wp-json\/wp\/v2\/posts\/16958\/revisions\/16969"}],"wp:attachment":[{"href":"https:\/\/klariet.nl\/stopdoemdenken\/wp-json\/wp\/v2\/media?parent=16958"}],"wp:term":[{"taxonomy":"category","embeddable":true,"href":"https:\/\/klariet.nl\/stopdoemdenken\/wp-json\/wp\/v2\/categories?post=16958"},{"taxonomy":"post_tag","embeddable":true,"href":"https:\/\/klariet.nl\/stopdoemdenken\/wp-json\/wp\/v2\/tags?post=16958"}],"curies":[{"name":"wp","href":"https:\/\/api.w.org\/{rel}","templated":true}]}}