{"id":22927,"date":"2023-08-25T10:47:57","date_gmt":"2023-08-25T08:47:57","guid":{"rendered":"https:\/\/klariet.nl\/stopdoemdenken\/?p=22927"},"modified":"2023-08-25T10:47:59","modified_gmt":"2023-08-25T08:47:59","slug":"na-50-jaar","status":"publish","type":"post","link":"https:\/\/klariet.nl\/stopdoemdenken\/na-50-jaar\/","title":{"rendered":"Na 50 jaar!"},"content":{"rendered":"<p><a href=\"https:\/\/www.radboudrecharge.nl\/nl\/artikel\/vn-waterconferentie-levendige-discussies-maar-er-moet-nog-ontzettend-veel-gebeuren \"><img decoding=\"async\" class=\"alignright size-full\" src=\"https:\/\/www.radboudrecharge.nl\/origin\/publish\/pages\/1077978\/720px\/ivan-bandura-ac97oqawdvg-unsplash.jpg \" width=\"200\" height=\"\"><\/a> &#8220;De vorige VN-Waterconferentie was bijna vijftig jaar geleden, dus de VN-Waterconferentie 2023 in New York was een belangrijke mijlpaal. De VN-Waterconferentie is een mondiaal forum voor multilaterale discussies. Het is een beleidsgeori\u00ebnteerde bijeenkomst die tienduizenden actoren en stakeholders op \u00e9\u00e9n plek samenbrengt. Dit biedt een uitgelezen kans om contact te leggen met belangrijke stakeholders en beleidsmakers.&#8221; Meijerink: &#8220;Daarnaast heeft de vorige conferentie in 1977 een grote invloed gehad. Er zijn toen afspraken gemaakt over belangrijke kwesties, dus we vonden het echt belangrijk om bij deze editie aanwezig te zijn.&#8221; (Bron: <a href=\"https:\/\/www.radboudrecharge.nl\/nl\/artikel\/vn-waterconferentie-levendige-discussies-maar-er-moet-nog-ontzettend-veel-gebeuren\">Radboud Recharge<\/a>)<\/p>\n<p>Goed dat er weer een Waterconferentie is, maar wat ongelooflijk lang geleden, vergeleken met andere VN-conferenties. <\/p>\n<p><a href=\"https:\/\/www.rijksoverheid.nl\/ministeries\/ministerie-van-buitenlandse-zaken\/evenementen\/vn-waterconferentie-2023\">VN-Waterconferentie 2023<\/a><br \/>\n<a href=\"https:\/\/www.unwater.org\/news\/un-2023-water-conference\">UN Water 2023 Conferentie<\/a><\/p>\n","protected":false},"excerpt":{"rendered":"<p>&#8220;De vorige VN-Waterconferentie was bijna vijftig jaar geleden, dus de VN-Waterconferentie 2023 in New York was een belangrijke mijlpaal. De VN-Waterconferentie is een mondiaal forum voor multilaterale discussies. Het is een beleidsgeori\u00ebnteerde bijeenkomst die tienduizenden actoren en stakeholders op \u00e9\u00e9n plek samenbrengt. Dit biedt een uitgelezen kans om contact te leggen met belangrijke stakeholders en [&hellip;]<\/p>\n","protected":false},"author":3,"featured_media":0,"comment_status":"closed","ping_status":"open","sticky":false,"template":"","format":"standard","meta":{"footnotes":""},"categories":[2],"tags":[],"class_list":["post-22927","post","type-post","status-publish","format-standard","hentry","category-blog"],"_links":{"self":[{"href":"https:\/\/klariet.nl\/stopdoemdenken\/wp-json\/wp\/v2\/posts\/22927","targetHints":{"allow":["GET"]}}],"collection":[{"href":"https:\/\/klariet.nl\/stopdoemdenken\/wp-json\/wp\/v2\/posts"}],"about":[{"href":"https:\/\/klariet.nl\/stopdoemdenken\/wp-json\/wp\/v2\/types\/post"}],"author":[{"embeddable":true,"href":"https:\/\/klariet.nl\/stopdoemdenken\/wp-json\/wp\/v2\/users\/3"}],"replies":[{"embeddable":true,"href":"https:\/\/klariet.nl\/stopdoemdenken\/wp-json\/wp\/v2\/comments?post=22927"}],"version-history":[{"count":1,"href":"https:\/\/klariet.nl\/stopdoemdenken\/wp-json\/wp\/v2\/posts\/22927\/revisions"}],"predecessor-version":[{"id":22928,"href":"https:\/\/klariet.nl\/stopdoemdenken\/wp-json\/wp\/v2\/posts\/22927\/revisions\/22928"}],"wp:attachment":[{"href":"https:\/\/klariet.nl\/stopdoemdenken\/wp-json\/wp\/v2\/media?parent=22927"}],"wp:term":[{"taxonomy":"category","embeddable":true,"href":"https:\/\/klariet.nl\/stopdoemdenken\/wp-json\/wp\/v2\/categories?post=22927"},{"taxonomy":"post_tag","embeddable":true,"href":"https:\/\/klariet.nl\/stopdoemdenken\/wp-json\/wp\/v2\/tags?post=22927"}],"curies":[{"name":"wp","href":"https:\/\/api.w.org\/{rel}","templated":true}]}}