{"id":4029,"date":"2015-06-01T07:28:51","date_gmt":"2015-06-01T05:28:51","guid":{"rendered":"http:\/\/klariet.nl\/stopdoemdenken\/?p=4029"},"modified":"2015-06-01T07:38:11","modified_gmt":"2015-06-01T05:38:11","slug":"absolute-wereldtop","status":"publish","type":"post","link":"https:\/\/klariet.nl\/stopdoemdenken\/absolute-wereldtop\/","title":{"rendered":"Absolute wereldtop"},"content":{"rendered":"<p><a href=\"http:\/\/nos.nl\/artikel\/2038617-the-flying-dutch-wereldberoemde-nederlandse-dj-s-op-eigen-bodem.html\"><img loading=\"lazy\" decoding=\"async\" class=\"alignright\" alt=\"\" src=\"http:\/\/nos.nl\/data\/image\/2015\/05\/30\/162485\/xxl.jpg\" width=\"200\" height=\"113\" \/><\/a>&#8220;Nederlandse dj&#8217;s behoren tot de absolute wereldtop en reizen de hele aardbol\u00a0over. Zo&#8217;n 100.000 dansende\u00a0landgenoten\u00a0grijpen de unieke\u00a0kans om op \u00e9\u00e9n dag de cr\u00e8me de la cr\u00e8me van het Nederlandse dj-gilde live te zien. Het evenement\u00a0<a href=\"https:\/\/www.facebook.com\/TFD\">The Flying Dutch<\/a>\u00a0was dan ook zo uitverkocht.&#8221; (Bron: <a title=\"NOS\" href=\"http:\/\/nos.nl\/artikel\/2038617-the-flying-dutch-wereldberoemde-nederlandse-dj-s-op-eigen-bodem.html\" target=\"_blank\">NOS<\/a>)<\/p>\n<p>Wat een leuk initiatief. Onze wereldberoemde DJ&#8217;s zijn niet meer weg te denken uit de serie Hollandse toppers. De Flying Dutchman hoeft ook geen nadere toelichting. Een betere aftrap voor een <a title=\"Iemand moet het initiatief nemen\" href=\"https:\/\/klariet.nl\/stopdoemdenken\/iemand-moet-het-initiatief-nemen\/\" target=\"_blank\">Deltaplan<\/a> voor de Nederlandse luchtvaart was nauwelijks denkbaar!<\/p>\n<p><a title=\"The Flying Dutch\" href=\"https:\/\/www.facebook.com\/TFD\" target=\"_blank\">The Flying Dutch<\/a><\/p>\n<p><iframe loading=\"lazy\" src=\"https:\/\/www.youtube.com\/embed\/eV3sm31J0is\" height=\"158\" width=\"281\" allowfullscreen=\"\" frameborder=\"0\"><\/iframe><\/p>\n","protected":false},"excerpt":{"rendered":"<p>&#8220;Nederlandse dj&#8217;s behoren tot de absolute wereldtop en reizen de hele aardbol\u00a0over. Zo&#8217;n 100.000 dansende\u00a0landgenoten\u00a0grijpen de unieke\u00a0kans om op \u00e9\u00e9n dag de cr\u00e8me de la cr\u00e8me van het Nederlandse dj-gilde live te zien. Het evenement\u00a0The Flying Dutch\u00a0was dan ook zo uitverkocht.&#8221; (Bron: NOS) Wat een leuk initiatief. Onze wereldberoemde DJ&#8217;s zijn niet meer weg te [&hellip;]<\/p>\n","protected":false},"author":3,"featured_media":0,"comment_status":"closed","ping_status":"open","sticky":false,"template":"","format":"standard","meta":{"footnotes":""},"categories":[2,3],"tags":[],"class_list":["post-4029","post","type-post","status-publish","format-standard","hentry","category-blog","category-tips"],"_links":{"self":[{"href":"https:\/\/klariet.nl\/stopdoemdenken\/wp-json\/wp\/v2\/posts\/4029","targetHints":{"allow":["GET"]}}],"collection":[{"href":"https:\/\/klariet.nl\/stopdoemdenken\/wp-json\/wp\/v2\/posts"}],"about":[{"href":"https:\/\/klariet.nl\/stopdoemdenken\/wp-json\/wp\/v2\/types\/post"}],"author":[{"embeddable":true,"href":"https:\/\/klariet.nl\/stopdoemdenken\/wp-json\/wp\/v2\/users\/3"}],"replies":[{"embeddable":true,"href":"https:\/\/klariet.nl\/stopdoemdenken\/wp-json\/wp\/v2\/comments?post=4029"}],"version-history":[{"count":3,"href":"https:\/\/klariet.nl\/stopdoemdenken\/wp-json\/wp\/v2\/posts\/4029\/revisions"}],"predecessor-version":[{"id":4032,"href":"https:\/\/klariet.nl\/stopdoemdenken\/wp-json\/wp\/v2\/posts\/4029\/revisions\/4032"}],"wp:attachment":[{"href":"https:\/\/klariet.nl\/stopdoemdenken\/wp-json\/wp\/v2\/media?parent=4029"}],"wp:term":[{"taxonomy":"category","embeddable":true,"href":"https:\/\/klariet.nl\/stopdoemdenken\/wp-json\/wp\/v2\/categories?post=4029"},{"taxonomy":"post_tag","embeddable":true,"href":"https:\/\/klariet.nl\/stopdoemdenken\/wp-json\/wp\/v2\/tags?post=4029"}],"curies":[{"name":"wp","href":"https:\/\/api.w.org\/{rel}","templated":true}]}}