{"id":4930,"date":"2016-03-25T09:23:46","date_gmt":"2016-03-25T08:23:46","guid":{"rendered":"http:\/\/klariet.nl\/stopdoemdenken\/?p=4930"},"modified":"2016-03-27T16:27:53","modified_gmt":"2016-03-27T14:27:53","slug":"een-positieve-erfenis","status":"publish","type":"post","link":"https:\/\/klariet.nl\/stopdoemdenken\/een-positieve-erfenis\/","title":{"rendered":"Een positieve erfenis!"},"content":{"rendered":"<p><a href=\"http:\/\/www.nu.nl\/amsterdam\/4236064\/trapveldjes-leeft-cruijff-altijd-voort.html\"><img decoding=\"async\" class=\"alignright\" alt=\"\" src=\"http:\/\/media.nu.nl\/m\/3ydx983ak57k_wd640.jpg\/trapveldjes-leeft-cruijff-altijd-voort.jpg\" width=\"200\" height=\"\" \/><\/a>&#8220;Johan Cruijff heeft de strijd tegen longkanker verloren, maar op trapveldjes over de hele wereld leeft zijn naam altijd voort. Jongetjes en meisjes uit onder meer Maleisi\u00eb, Japan, Zuid-Afrika, Marokko, Cura\u00e7ao, Brazili\u00eb, de Verenigde Staten, Polen en in heel Nederland kunnen voetballen op de beroemde Cruyff Courts, kunstgrasvelden van vaste afmetingen met oranje doelen en blauwe hekken.&#8221; Bron: <a title=\"Voetbalinside\" href=\"http:\/\/www.voetbalinside.nl\/#!\/artikel\/18946\/op-de-trapveldjes-leeft-cruijff-altijd-voort\" target=\"_blank\">Voetbalinside<\/a>)<\/p>\n<p><span style=\"font-size: 1rem;\">Een positieve erfenis! Als er een ding is dat de legendarische no 14 ons heeft geleerd is wel dat je kunt bereiken wat je wilt. Vertrouwen hebben in je eigen kracht, keihard werken en nooit opgeven. Zolang mensen over je praten &#8220;ben je er nog&#8221;. Ik schat in dat Johan Cruyff nog heel lang voort\u00a0<\/span>zal<span style=\"font-size: 1rem;\">\u00a0leven, in zijn inspiratie,\u00a0voetbaltechniek, trapveldjes and last but not least\u00a0<\/span>zijn<span style=\"font-size: 1rem;\">\u00a0citaten!<\/span><\/p>\n<p><a title=\"Cruyff Foundation\" href=\"http:\/\/www.cruyff-foundation.org\/\" target=\"_blank\">Cruyff Foundation<\/a><br \/>\n<a title=\"Johan Cruyff Instituut\" href=\"http:\/\/cruyffinstitute.nl\/\" target=\"_blank\">Johan Cruyff Instituut<\/a><br \/>\n<a title=\"Cruyff Courts\" href=\"http:\/\/www.cruyff-foundation.org\/en\/cruyff-courts\/\" target=\"_blank\">Cruyff Courts<\/a><br \/>\n<a title=\"RTLNieuws\" href=\"http:\/\/www.rtlnieuws.nl\/sport\/algemeen\/kippenvel-cruijff-trok-zijn-shirt-aan-en-deed-mee-met-het-seropositieve-team\" target=\"_blank\">Niet alleen openen<\/a><br \/>\n<a title=\"Stoerejongenszzz\" href=\"http:\/\/www.stoerejongenzzz.nl\/quotes-van-johan-cruijff\/\" target=\"_blank\">Johan Cruyff Citaten<\/a><\/p>\n","protected":false},"excerpt":{"rendered":"<p>&#8220;Johan Cruijff heeft de strijd tegen longkanker verloren, maar op trapveldjes over de hele wereld leeft zijn naam altijd voort. Jongetjes en meisjes uit onder meer Maleisi\u00eb, Japan, Zuid-Afrika, Marokko, Cura\u00e7ao, Brazili\u00eb, de Verenigde Staten, Polen en in heel Nederland kunnen voetballen op de beroemde Cruyff Courts, kunstgrasvelden van vaste afmetingen met oranje doelen en [&hellip;]<\/p>\n","protected":false},"author":3,"featured_media":0,"comment_status":"closed","ping_status":"open","sticky":false,"template":"","format":"standard","meta":{"footnotes":""},"categories":[2,3],"tags":[],"class_list":["post-4930","post","type-post","status-publish","format-standard","hentry","category-blog","category-tips"],"_links":{"self":[{"href":"https:\/\/klariet.nl\/stopdoemdenken\/wp-json\/wp\/v2\/posts\/4930","targetHints":{"allow":["GET"]}}],"collection":[{"href":"https:\/\/klariet.nl\/stopdoemdenken\/wp-json\/wp\/v2\/posts"}],"about":[{"href":"https:\/\/klariet.nl\/stopdoemdenken\/wp-json\/wp\/v2\/types\/post"}],"author":[{"embeddable":true,"href":"https:\/\/klariet.nl\/stopdoemdenken\/wp-json\/wp\/v2\/users\/3"}],"replies":[{"embeddable":true,"href":"https:\/\/klariet.nl\/stopdoemdenken\/wp-json\/wp\/v2\/comments?post=4930"}],"version-history":[{"count":6,"href":"https:\/\/klariet.nl\/stopdoemdenken\/wp-json\/wp\/v2\/posts\/4930\/revisions"}],"predecessor-version":[{"id":4943,"href":"https:\/\/klariet.nl\/stopdoemdenken\/wp-json\/wp\/v2\/posts\/4930\/revisions\/4943"}],"wp:attachment":[{"href":"https:\/\/klariet.nl\/stopdoemdenken\/wp-json\/wp\/v2\/media?parent=4930"}],"wp:term":[{"taxonomy":"category","embeddable":true,"href":"https:\/\/klariet.nl\/stopdoemdenken\/wp-json\/wp\/v2\/categories?post=4930"},{"taxonomy":"post_tag","embeddable":true,"href":"https:\/\/klariet.nl\/stopdoemdenken\/wp-json\/wp\/v2\/tags?post=4930"}],"curies":[{"name":"wp","href":"https:\/\/api.w.org\/{rel}","templated":true}]}}