{"id":5387,"date":"2016-06-17T11:33:48","date_gmt":"2016-06-17T09:33:48","guid":{"rendered":"http:\/\/klariet.nl\/stopdoemdenken\/?p=5387"},"modified":"2016-06-17T11:37:08","modified_gmt":"2016-06-17T09:37:08","slug":"samen-regelen-wat-we-zelf-kunnen","status":"publish","type":"post","link":"https:\/\/klariet.nl\/stopdoemdenken\/samen-regelen-wat-we-zelf-kunnen\/","title":{"rendered":"Samen regelen wat we zelf kunnen"},"content":{"rendered":"<p><a href=\"http:\/\/www.geheugenvannederland.nl\/?\/nl\/items\/RA01:30051001475042\"><img decoding=\"async\" class=\"alignright\" src=\"http:\/\/resolver.kb.nl\/resolve?urn=urn:gvn:RA01:30051001475042&amp;role=image&amp;size=medium\" width=\"150\" height=\"\" \/><\/a>&#8220;Het aantal co\u00f6peraties in Nederland\u00a0groeit snel. Er zijn\u00a0al meer dan 2500 co\u00f6peraties in Nederland. Dat zijn er achthonderd meer dan twee jaar geleden, zo maakte de Nationale Co\u00f6peratieve Raad vandaag bekend. Door de crisis en terugtredende overheid regelen mensen het steeds vaker zelf.&#8221; (Bron:\u00a0<a href=\"http:\/\/nos.nl\/l\/2111538\" target=\"_blank\">NOS<\/a>)<\/p>\n<p>Goed nieuws! De crisis is inmiddels achter de rug, maar nawee\u00ebn zijn er nog wel. En het heeft mensen zeker aan het denken gezet. De steeds groeiende regelgeving stimuleert\u00a0dit proces ook! Het is een logische ontwikkeling: waarom door de overheid laten regelen wat je zelf kunt. Niet alles kun je alleen opknappen dan is een co\u00f6peratie een mogelijke oplossing. En het is zeker geen nieuw idee. V\u00f3\u00f3r de verzorgingsstaat bestonden ze ook!<\/p>\n<p><a href=\"http:\/\/www.cooperatie.nl\/wat-cooperatie\" target=\"_blank\">Wat is een co\u00f6peratie<\/a><br \/>\n<a href=\"http:\/\/www.ondernemersplein.nl\/artikel\/de-cooperatie\/\" target=\"_blank\">Ondernemersplein: de Co\u00f6peratie<\/a><br \/>\n<a href=\"http:\/\/www.cooperatie-museum.nl\/pages\/geschiedenis.html\" target=\"_blank\">Nationaal Co\u00f6peratie Museum<\/a><\/p>\n","protected":false},"excerpt":{"rendered":"<p>&#8220;Het aantal co\u00f6peraties in Nederland\u00a0groeit snel. Er zijn\u00a0al meer dan 2500 co\u00f6peraties in Nederland. Dat zijn er achthonderd meer dan twee jaar geleden, zo maakte de Nationale Co\u00f6peratieve Raad vandaag bekend. Door de crisis en terugtredende overheid regelen mensen het steeds vaker zelf.&#8221; (Bron:\u00a0NOS) Goed nieuws! De crisis is inmiddels achter de rug, maar nawee\u00ebn [&hellip;]<\/p>\n","protected":false},"author":3,"featured_media":0,"comment_status":"closed","ping_status":"open","sticky":false,"template":"","format":"standard","meta":{"footnotes":""},"categories":[2,3],"tags":[],"class_list":["post-5387","post","type-post","status-publish","format-standard","hentry","category-blog","category-tips"],"_links":{"self":[{"href":"https:\/\/klariet.nl\/stopdoemdenken\/wp-json\/wp\/v2\/posts\/5387","targetHints":{"allow":["GET"]}}],"collection":[{"href":"https:\/\/klariet.nl\/stopdoemdenken\/wp-json\/wp\/v2\/posts"}],"about":[{"href":"https:\/\/klariet.nl\/stopdoemdenken\/wp-json\/wp\/v2\/types\/post"}],"author":[{"embeddable":true,"href":"https:\/\/klariet.nl\/stopdoemdenken\/wp-json\/wp\/v2\/users\/3"}],"replies":[{"embeddable":true,"href":"https:\/\/klariet.nl\/stopdoemdenken\/wp-json\/wp\/v2\/comments?post=5387"}],"version-history":[{"count":4,"href":"https:\/\/klariet.nl\/stopdoemdenken\/wp-json\/wp\/v2\/posts\/5387\/revisions"}],"predecessor-version":[{"id":5391,"href":"https:\/\/klariet.nl\/stopdoemdenken\/wp-json\/wp\/v2\/posts\/5387\/revisions\/5391"}],"wp:attachment":[{"href":"https:\/\/klariet.nl\/stopdoemdenken\/wp-json\/wp\/v2\/media?parent=5387"}],"wp:term":[{"taxonomy":"category","embeddable":true,"href":"https:\/\/klariet.nl\/stopdoemdenken\/wp-json\/wp\/v2\/categories?post=5387"},{"taxonomy":"post_tag","embeddable":true,"href":"https:\/\/klariet.nl\/stopdoemdenken\/wp-json\/wp\/v2\/tags?post=5387"}],"curies":[{"name":"wp","href":"https:\/\/api.w.org\/{rel}","templated":true}]}}